{"id":219,"date":"2021-08-16T21:22:27","date_gmt":"2021-08-16T21:22:27","guid":{"rendered":"https:\/\/www.lamotoclassica.cat\/?p=219"},"modified":"2021-08-16T21:27:03","modified_gmt":"2021-08-16T21:27:03","slug":"projecte-bultaco-24h-del-moto-club-la-moto-classica","status":"publish","type":"post","link":"https:\/\/www.lamotoclassica.cat\/index.php\/2021\/08\/16\/projecte-bultaco-24h-del-moto-club-la-moto-classica\/","title":{"rendered":"Projecte Bultaco 24H del moto-club La Moto Cl\u00e0ssica"},"content":{"rendered":"\n<p>Ara que ja tenim fre davanter de 4 lleves + la inestimable colaboraci\u00f3 de Gonzalo + l&#8217;ajut de Joan Antoni en el muntatge del motor espero que a principis de stembre poguem comen\u00e7ar la restauraci\u00f3 definitiva de la Bultaco.<\/p>\n","protected":false},"excerpt":{"rendered":"<p>Ara que ja tenim fre davanter de 4 lleves + la inestimable colaboraci\u00f3 de Gonzalo + l&#8217;ajut de Joan Antoni en el muntatge del motor espero que a principis de stembre poguem comen\u00e7ar la restauraci\u00f3 definitiva de la Bultaco.<\/p>\n","protected":false},"author":5,"featured_media":231,"comment_status":"open","ping_status":"open","sticky":false,"template":"","format":"gallery","meta":[],"categories":[21,1],"tags":[42],"_links":{"self":[{"href":"https:\/\/www.lamotoclassica.cat\/index.php\/wp-json\/wp\/v2\/posts\/219"}],"collection":[{"href":"https:\/\/www.lamotoclassica.cat\/index.php\/wp-json\/wp\/v2\/posts"}],"about":[{"href":"https:\/\/www.lamotoclassica.cat\/index.php\/wp-json\/wp\/v2\/types\/post"}],"author":[{"embeddable":true,"href":"https:\/\/www.lamotoclassica.cat\/index.php\/wp-json\/wp\/v2\/users\/5"}],"replies":[{"embeddable":true,"href":"https:\/\/www.lamotoclassica.cat\/index.php\/wp-json\/wp\/v2\/comments?post=219"}],"version-history":[{"count":2,"href":"https:\/\/www.lamotoclassica.cat\/index.php\/wp-json\/wp\/v2\/posts\/219\/revisions"}],"predecessor-version":[{"id":229,"href":"https:\/\/www.lamotoclassica.cat\/index.php\/wp-json\/wp\/v2\/posts\/219\/revisions\/229"}],"wp:featuredmedia":[{"embeddable":true,"href":"https:\/\/www.lamotoclassica.cat\/index.php\/wp-json\/wp\/v2\/media\/231"}],"wp:attachment":[{"href":"https:\/\/www.lamotoclassica.cat\/index.php\/wp-json\/wp\/v2\/media?parent=219"}],"wp:term":[{"taxonomy":"category","embeddable":true,"href":"https:\/\/www.lamotoclassica.cat\/index.php\/wp-json\/wp\/v2\/categories?post=219"},{"taxonomy":"post_tag","embeddable":true,"href":"https:\/\/www.lamotoclassica.cat\/index.php\/wp-json\/wp\/v2\/tags?post=219"}],"curies":[{"name":"wp","href":"https:\/\/api.w.org\/{rel}","templated":true}]}}